{"id":12118,"date":"2023-10-16T23:00:00","date_gmt":"2023-10-16T23:00:00","guid":{"rendered":"https:\/\/erugart.com\/?p=12118"},"modified":"2024-08-09T15:23:58","modified_gmt":"2024-08-09T15:23:58","slug":"la-fira-de-lolla-de-breda-una-fira-de-tardor-amb-molta-historia","status":"publish","type":"post","link":"https:\/\/erugart.com\/fr\/la-fira-de-lolla-de-breda-una-fira-de-tardor-amb-molta-historia\/","title":{"rendered":"La Fira de l&#039;Olla de Breda, une foire d&#039;automne charg\u00e9e d&#039;histoire"},"content":{"rendered":"<div class=\"vgblk-rw-wrapper limit-wrapper\">\n<p id=\"viewer-foo\">Le week-end des 14 et 15 octobre nous \u00e9tions \u00e0 Breda, une petite ville de l&#039;int\u00e9rieur de la Catalogne connue pour sa tradition de poterie.<\/p>\n\n\n\n<p id=\"viewer-c6kb0\">La Fira de l&#039;Olla est un rendez-vous important pour les artistes et artisans qui travaillent la c\u00e9ramique, c&#039;est pourquoi Erugart ne pouvait pas la manquer.<\/p>\n\n\n\n<p id=\"viewer-1hp20\">Beaucoup d&#039;entre vous sont tomb\u00e9s amoureux de notre #SpookyCollection, une collection de d\u00e9corations d&#039;Halloween que nous avons apport\u00e9es en exclusivit\u00e9 \u00e0 ce salon, ainsi que des boucles d&#039;oreilles et des bagues Trik.<\/p>\n\n\n\n<p id=\"viewer-4pgpr\">Nous avons ador\u00e9 lire les commentaires que vous nous avez envoy\u00e9s sur Instagram apr\u00e8s le salon :<\/p>\n\n\n\n<p id=\"viewer-dqpui\">&quot;Un vrai d\u00e9lice de pi\u00e8ce ! Ils ont tous un caract\u00e8re subtil et \u00e9l\u00e9gant, mais celui-ci nous fascine particuli\u00e8rement, peut-\u00eatre en raison de la gamme chromatique et de l&#039;interaction de la b\u00eate avec le poisson. C&#039;est un plaisir d&#039;avoir appr\u00e9ci\u00e9 vos pi\u00e8ces \u00e0 la Foire de Breda ! -Xavi (faisant r\u00e9f\u00e9rence \u00e0 notre sculpture Nyam).<\/p>\n\n\n\n<p id=\"viewer-fgaal\">&quot;Merci beaucoup! Le meilleur cadeau du P\u00e8re No\u00ebl \u00e9tait votre petite \u0153uvre d&#039;art transform\u00e9e en bijoux \u00bb-Teresa (faisant r\u00e9f\u00e9rence \u00e0 notre bague TrikFish).<\/p>\n\n\n<\/div><!-- .vgblk-rw-wrapper --><div class=\"wp-block-image\"><div class=\"vgblk-rw-wrapper limit-wrapper\">\n<figure class=\"aligncenter size-large\"><img fetchpriority=\"high\" decoding=\"async\" width=\"768\" height=\"1024\" src=\"https:\/\/erugart.com\/wp-content\/uploads\/breda1-768x1024.webp\" alt=\"\" class=\"wp-image-12119\" srcset=\"https:\/\/erugart.com\/wp-content\/uploads\/breda1-768x1024.webp 768w, https:\/\/erugart.com\/wp-content\/uploads\/breda1-225x300.webp 225w, https:\/\/erugart.com\/wp-content\/uploads\/breda1-1152x1536.webp 1152w, https:\/\/erugart.com\/wp-content\/uploads\/breda1-1260x1681.webp 1260w, https:\/\/erugart.com\/wp-content\/uploads\/breda1-630x840.webp 630w, https:\/\/erugart.com\/wp-content\/uploads\/breda1.webp 1480w\" sizes=\"(max-width: 768px) 100vw, 768px\" \/><\/figure>\n<\/div><!-- .vgblk-rw-wrapper --><\/div>","protected":false},"excerpt":{"rendered":"<p>Le week-end des 14 et 15 octobre nous \u00e9tions \u00e0 Breda, une petite ville de l&#039;int\u00e9rieur de la Catalogne connue pour sa tradition de poterie. La Fira de l&#039;Olla est un rendez-vous important pour les artistes et artisans qui travaillent la c\u00e9ramique, c&#039;est pourquoi Erugart ne pouvait pas la manquer. Vous \u00eates nombreux \u00e0 avoir\u2026<\/p>","protected":false},"author":1,"featured_media":12119,"comment_status":"open","ping_status":"open","sticky":false,"template":"","format":"standard","meta":{"inline_featured_image":false,"footnotes":""},"categories":[1],"tags":[],"class_list":["post-12118","post","type-post","status-publish","format-standard","has-post-thumbnail","hentry","category-blog"],"_links":{"self":[{"href":"https:\/\/erugart.com\/fr\/wp-json\/wp\/v2\/posts\/12118","targetHints":{"allow":["GET"]}}],"collection":[{"href":"https:\/\/erugart.com\/fr\/wp-json\/wp\/v2\/posts"}],"about":[{"href":"https:\/\/erugart.com\/fr\/wp-json\/wp\/v2\/types\/post"}],"author":[{"embeddable":true,"href":"https:\/\/erugart.com\/fr\/wp-json\/wp\/v2\/users\/1"}],"replies":[{"embeddable":true,"href":"https:\/\/erugart.com\/fr\/wp-json\/wp\/v2\/comments?post=12118"}],"version-history":[{"count":1,"href":"https:\/\/erugart.com\/fr\/wp-json\/wp\/v2\/posts\/12118\/revisions"}],"predecessor-version":[{"id":12120,"href":"https:\/\/erugart.com\/fr\/wp-json\/wp\/v2\/posts\/12118\/revisions\/12120"}],"wp:featuredmedia":[{"embeddable":true,"href":"https:\/\/erugart.com\/fr\/wp-json\/wp\/v2\/media\/12119"}],"wp:attachment":[{"href":"https:\/\/erugart.com\/fr\/wp-json\/wp\/v2\/media?parent=12118"}],"wp:term":[{"taxonomy":"category","embeddable":true,"href":"https:\/\/erugart.com\/fr\/wp-json\/wp\/v2\/categories?post=12118"},{"taxonomy":"post_tag","embeddable":true,"href":"https:\/\/erugart.com\/fr\/wp-json\/wp\/v2\/tags?post=12118"}],"curies":[{"name":"wp","href":"https:\/\/api.w.org\/{rel}","templated":true}]}}